{"id":2639,"date":"2016-06-29T19:21:11","date_gmt":"2016-06-29T17:21:11","guid":{"rendered":"http:\/\/jcfrog.com\/blog\/?p=2639"},"modified":"2016-06-30T08:39:49","modified_gmt":"2016-06-30T06:39:49","slug":"cantines-scolaires-leducation-nationale-signe-un-partenariat-avec-mac-donald","status":"publish","type":"post","link":"http:\/\/jcfrog.com\/blog\/cantines-scolaires-leducation-nationale-signe-un-partenariat-avec-mac-donald\/","title":{"rendered":"Cantines scolaires: l&rsquo;Education Nationale signe un partenariat avec Mac Donald"},"content":{"rendered":"<p><a href=\"http:\/\/jcfrog.com\/blog\/wp-content\/uploads\/2016\/06\/junkerschool.jpg\"><img loading=\"lazy\" decoding=\"async\" class=\"alignnone size-full wp-image-2640\" src=\"http:\/\/jcfrog.com\/blog\/wp-content\/uploads\/2016\/06\/junkerschool.jpg\" alt=\"junkerschool\" width=\"1580\" height=\"950\" srcset=\"http:\/\/jcfrog.com\/blog\/wp-content\/uploads\/2016\/06\/junkerschool.jpg 1580w, http:\/\/jcfrog.com\/blog\/wp-content\/uploads\/2016\/06\/junkerschool-300x180.jpg 300w, http:\/\/jcfrog.com\/blog\/wp-content\/uploads\/2016\/06\/junkerschool-768x462.jpg 768w, http:\/\/jcfrog.com\/blog\/wp-content\/uploads\/2016\/06\/junkerschool-1024x616.jpg 1024w, http:\/\/jcfrog.com\/blog\/wp-content\/uploads\/2016\/06\/junkerschool-500x300.jpg 500w\" sizes=\"(max-width: 1580px) 100vw, 1580px\" \/><\/a>C&rsquo;est l&rsquo;int\u00e9r\u00eat de tous: il faut soulager les collectivit\u00e9s territoriales en charge de l&rsquo;organisation de la restauration scolaire. Nous n&rsquo;avons plus les moyens de nous occuper de ces activit\u00e9s non rentables qui creusent les d\u00e9ficits.<\/p>\n<p>Ca tombe bien de g\u00e9n\u00e9reuses entreprises priv\u00e9es proposent de s&rsquo;occuper de tout!<\/p>\n<blockquote><p>\u00ab\u00a0Laissons faire les professionnels de la nutrition!\u00a0\u00bb d\u00e9clare-t-on au minist\u00e8re.<\/p><\/blockquote>\n<p>\u00ab\u00a05 frites et l\u00e9gumes par jour!\u00a0\u00bb Nos ch\u00e9rubins sont entre de bonnes mains.<\/p>\n<p>Ce nouveau partenariat Public\/Priv\u00e9 fait suite \u00e0 d&rsquo;autres abandons de bon sens, comme par exemple dans le domaine du Num\u00e9rique.<\/p>\n<p><a href=\"http:\/\/jcfrog.com\/blog\/wp-content\/uploads\/2016\/06\/education-numerique.jpg\"><img loading=\"lazy\" decoding=\"async\" class=\"alignnone size-full wp-image-2641\" src=\"http:\/\/jcfrog.com\/blog\/wp-content\/uploads\/2016\/06\/education-numerique.jpg\" alt=\"education numerique\" width=\"600\" height=\"549\" srcset=\"http:\/\/jcfrog.com\/blog\/wp-content\/uploads\/2016\/06\/education-numerique.jpg 600w, http:\/\/jcfrog.com\/blog\/wp-content\/uploads\/2016\/06\/education-numerique-300x275.jpg 300w, http:\/\/jcfrog.com\/blog\/wp-content\/uploads\/2016\/06\/education-numerique-328x300.jpg 328w\" sizes=\"(max-width: 600px) 100vw, 600px\" \/><\/a><\/p>\n<p>Oui, pour les cantines c&rsquo;est bidon. Fake, faux, sale blague, <a href=\"http:\/\/jcfrog.com\/blog\/licence-complete-bullshit\/\">Complete Bullshit<\/a> quoi.<\/p>\n<p>Pour le reste h\u00e9las non. Si vous creusez un peu, vous pourriez d\u00e9couvrir que laisser rentrer des entreprises comme Microsoft dans les \u00e9tablissements publics d&rsquo;enseignement est aussi violent que de confier l&rsquo;\u00e9quilibre alimentaire de nos enfants \u00e0 des g\u00e9ants de la malbouffe.<\/p>\n<p>Pourtant on ne manque pas de solutions \u00e9thiques et responsables, mais rien n&rsquo;y fait le business commande, <a href=\"http:\/\/www.politis.fr\/articles\/2016\/06\/proces-luxleaks-les-lanceurs-dalerte-condamnes-35025\/\">les h\u00e9ro\u00efques d\u00e9fenseurs du commun sont condamn\u00e9s<\/a>, <a href=\"http:\/\/www.politis.fr\/articles\/2014\/11\/juncker-au-centre-dun-scandale-fiscal-impliquant-340-multinationales-28907\/\">les vendus fossoyeurs des services publics<\/a> si\u00e8gent sur le tr\u00f4ne d&rsquo;une Europe sans c\u0153ur ni \u00e2me.<\/p>\n<p>(Oui je suis un peu excessif mais je viens de lire le verdict #LuxLeaks, j&rsquo;ai la rage \ud83d\ude42 )<\/p>\n<p>La privatisation des \u00e9ducations nationales europ\u00e9ennes est un march\u00e9 gigantesque et tout le monde a bien l&rsquo;intention de se goinfrer. Alors si tu as envie de r\u00e9sister, d&rsquo;aider des gens qui se d\u00e9foncent depuis 15 ans et qui sont dans la panade, et accessoirement d&rsquo;avoir la chance de te dire \u00ab\u00a0je ne suis pas de ceux qui auront honte\u00a0\u00bb, c&rsquo;est facile, fouille et contribue! \ud83d\ude42<\/p>\n<p><a href=\"https:\/\/fr.ulule.com\/developpement-dabuledu\/\">Tout est l\u00e0<\/a>, n&rsquo;attends pas!<\/p>\n<p>&nbsp;<\/p>\n<p><a href=\"https:\/\/fr.ulule.com\/developpement-dabuledu\/\"><img loading=\"lazy\" decoding=\"async\" class=\"wp-image-1517 size-medium aligncenter\" src=\"http:\/\/abuledu-fr.org\/wp-content\/uploads\/2016\/06\/cabochon-300x147-300x147.png\" alt=\"cabochon-300x147\" width=\"300\" height=\"147\" \/><\/a><\/p>\n<p><a href=\"http:\/\/abuledu-fr.org\" target=\"_blank\" rel=\"nofollow\"><img loading=\"lazy\" decoding=\"async\" class=\"aligncenter\" src=\"https:\/\/drfhlmcehrc34.cloudfront.net\/cache\/8\/7\/39aab737f2575aec6b61f5bf3e1c1d.png\" width=\"231\" height=\"51\" \/><\/a><\/p>\n<p style=\"text-align: center;\"><a href=\"http:\/\/abuledu-fr.org\" target=\"_blank\" rel=\"nofollow\"><img loading=\"lazy\" decoding=\"async\" src=\"https:\/\/drfhlmcehrc34.cloudfront.net\/cache\/5\/3\/35ae35bfc85816060a8f1472a72bc5.png\" width=\"254\" height=\"57\" \/><\/a><\/p>\n<p><a href=\"http:\/\/abuledu-fr.org\" target=\"_blank\" rel=\"nofollow\"><img loading=\"lazy\" decoding=\"async\" class=\"aligncenter\" src=\"https:\/\/drfhlmcehrc34.cloudfront.net\/cache\/c\/3\/c23911e142408c46c1beba3e16724b.png\" width=\"101\" height=\"97\" \/><\/a><\/p>\n<p>&nbsp;<\/p>\n<p>&nbsp;<\/p>\n","protected":false},"excerpt":{"rendered":"<p>C&rsquo;est l&rsquo;int\u00e9r\u00eat de tous: il faut soulager les collectivit\u00e9s territoriales en charge de l&rsquo;organisation de la restauration scolaire. Nous n&rsquo;avons plus les moyens de nous occuper de ces activit\u00e9s non rentables qui creusent les d\u00e9ficits. Ca tombe bien de g\u00e9n\u00e9reuses entreprises priv\u00e9es proposent de s&rsquo;occuper de tout! \u00ab\u00a0Laissons faire les professionnels de la nutrition!\u00a0\u00bb d\u00e9clare-t-on [&hellip;]<\/p>\n","protected":false},"author":2,"featured_media":0,"comment_status":"open","ping_status":"open","sticky":false,"template":"","format":"standard","meta":{"jetpack_post_was_ever_published":false,"_jetpack_newsletter_access":"","_jetpack_newsletter_tier_id":0,"footnotes":"","jetpack_publicize_message":"","jetpack_is_tweetstorm":false,"jetpack_publicize_feature_enabled":true,"jetpack_social_post_already_shared":true,"jetpack_social_options":{"image_generator_settings":{"template":"highway","enabled":false}}},"categories":[10,122,319],"tags":[358],"jetpack_publicize_connections":[],"jetpack_featured_media_url":"","jetpack_shortlink":"https:\/\/wp.me\/p2MSpd-Gz","jetpack_sharing_enabled":true,"_links":{"self":[{"href":"http:\/\/jcfrog.com\/blog\/wp-json\/wp\/v2\/posts\/2639"}],"collection":[{"href":"http:\/\/jcfrog.com\/blog\/wp-json\/wp\/v2\/posts"}],"about":[{"href":"http:\/\/jcfrog.com\/blog\/wp-json\/wp\/v2\/types\/post"}],"author":[{"embeddable":true,"href":"http:\/\/jcfrog.com\/blog\/wp-json\/wp\/v2\/users\/2"}],"replies":[{"embeddable":true,"href":"http:\/\/jcfrog.com\/blog\/wp-json\/wp\/v2\/comments?post=2639"}],"version-history":[{"count":3,"href":"http:\/\/jcfrog.com\/blog\/wp-json\/wp\/v2\/posts\/2639\/revisions"}],"predecessor-version":[{"id":2644,"href":"http:\/\/jcfrog.com\/blog\/wp-json\/wp\/v2\/posts\/2639\/revisions\/2644"}],"wp:attachment":[{"href":"http:\/\/jcfrog.com\/blog\/wp-json\/wp\/v2\/media?parent=2639"}],"wp:term":[{"taxonomy":"category","embeddable":true,"href":"http:\/\/jcfrog.com\/blog\/wp-json\/wp\/v2\/categories?post=2639"},{"taxonomy":"post_tag","embeddable":true,"href":"http:\/\/jcfrog.com\/blog\/wp-json\/wp\/v2\/tags?post=2639"}],"curies":[{"name":"wp","href":"https:\/\/api.w.org\/{rel}","templated":true}]}}