{"id":2209,"date":"2015-04-19T10:01:17","date_gmt":"2015-04-19T08:01:17","guid":{"rendered":"http:\/\/jcfrog.com\/blog\/?p=2209"},"modified":"2015-04-19T10:01:17","modified_gmt":"2015-04-19T08:01:17","slug":"comment-je-me-suis-radicalise-sur-internet","status":"publish","type":"post","link":"http:\/\/jcfrog.com\/blog\/comment-je-me-suis-radicalise-sur-internet\/","title":{"rendered":"Comment je me suis radicalis\u00e9 sur #Internet"},"content":{"rendered":"<p><a href=\"http:\/\/jcfrog.com\/blog\/wp-content\/uploads\/2015\/04\/banksy.jpg\"><img loading=\"lazy\" decoding=\"async\" class=\"alignnone size-full wp-image-2215\" alt=\"Keep your coins, I want change\" src=\"http:\/\/jcfrog.com\/blog\/wp-content\/uploads\/2015\/04\/banksy.jpg\" width=\"1024\" height=\"1024\" srcset=\"http:\/\/jcfrog.com\/blog\/wp-content\/uploads\/2015\/04\/banksy.jpg 1024w, http:\/\/jcfrog.com\/blog\/wp-content\/uploads\/2015\/04\/banksy-150x150.jpg 150w, http:\/\/jcfrog.com\/blog\/wp-content\/uploads\/2015\/04\/banksy-300x300.jpg 300w\" sizes=\"(max-width: 1024px) 100vw, 1024px\" \/><\/a><\/p>\n<p>Je suis un gentil gar\u00e7on, tr\u00e8s poli.<\/p>\n<p>Issu des classes moyennes, j&rsquo;ai v\u00e9cu dans le confort \u00e9conomique entour\u00e9 de parents aimants. De bonnes \u00e9tudes qui me firent ing\u00e9nieur et me promettaient une vie sans risque. Visc\u00e9ralement rebelle, je n&rsquo;ai jamais support\u00e9 l&rsquo;adh\u00e9sion au moindre groupe, mais je votais PS croyant que c&rsquo;\u00e9tait un parti de gauche, un truc humaniste malgr\u00e9 tout. Je fus longtemps un ouiouiste convaincu que n&rsquo;importe quelle Europe vaudrait toujours mieux que la d\u00e9sunion, parce que passionn\u00e9 et obnubil\u00e9 par le cataclysme de la 2eme guerre mondiale il me semblait que nous avions touch\u00e9 le fond, que mieux inform\u00e9s nous ferions toujours mieux, que nous \u00e9tions sauv\u00e9s des moustachus tyranniques, que nous \u00e9tions sevr\u00e9s.<\/p>\n<p>Puis vint le referendum, 2005, le choc. Les fran\u00e7ais rejettent clairement l&rsquo;Europe, les cons. J&rsquo;\u00e9tais col\u00e8re. Mais qu&rsquo;est ce qu&rsquo;ils ont dans la t\u00eate ces r\u00e2leurs professionnels, jamais contents, inconscients des enjeux de l&rsquo;Histoire, incapables de se soumettre au consensus n\u00e9cessaire? Bref, ils n&rsquo;avaient pas vot\u00e9 comme moi.<\/p>\n<p>Moins de trois ans plus tard, l&rsquo;Assembl\u00e9e nationale et le S\u00e9nat adoptent\u00a0largement\u00a0le trait\u00e9 europ\u00e9en de Lisbonne.<\/p>\n<p>L\u00e0 il se passe quelque chose.<\/p>\n<p>Je devrais \u00eatre content, je ne le suis pas. J&rsquo;essaye de m&rsquo;auto convaincre des arguments pourris comme quoi les fran\u00e7ais ont \u00e9lus un type qui avait dit qu&rsquo;il passerait cette constitution, mais non, \u00e7a ne passe pas, je me rends bien compte qu&rsquo;<strong>on s&rsquo;assoit sur la D\u00e9mocratie<\/strong> dont on cite si souvent le nom dans tous les discours, au point que \u00e7a en devient louche.<\/p>\n<p>Alors je relis sous un angle un peu plus ouvert mes internets. Sur tous les plans. D\u00e9mocratie r\u00e9elle, libert\u00e9s individuelles, vie priv\u00e9e, transparence, anonymat, nombreux sont ceux que je lisais avec beaucoup d&rsquo;int\u00e9r\u00eat, que je trouvais passionnants, pertinents, mais souvent un peu trop \u00ab\u00a0paranos\u00a0\u00bb.<\/p>\n<p><strong>Internet va alors me bousiller<\/strong>. A force de lire, de partager, de me documenter, de m&rsquo;ouvrir r\u00e9ellement, d&rsquo;accepter mes erreurs, je change: <strong>j&rsquo;ai envie d&rsquo;approfondir<\/strong>. Je me r\u00e9\u00e9duque. Pas que j&rsquo;ai \u00e9t\u00e9 aussi na\u00eff que je le laisse para\u00eetre au d\u00e9but de cet article, mais je d\u00e9couvre l&rsquo;ampleur de la trahison. Je vogue dans des sph\u00e8res d&rsquo;hommes et de femmes qui r\u00e9fl\u00e9chissent, qui construisent des alternatives, qui me convainquent, que je convaincs aussi parfois, et surtout des gens qui n&rsquo;ont rien \u00e0 vendre, personne \u00e0 s\u00e9duire, aucun pouvoir \u00e0 conqu\u00e9rir. Un monde horizontal.<\/p>\n<p>Le constat de l&rsquo;urgence s&rsquo;y \u00e9tale loin des coupables m\u00e9dia de masse, que ce soit la crise \u00e9cologique, la corruption de nos institutions, l&rsquo;incomp\u00e9tence des d\u00e9cideurs, la r\u00e9sistance au changement, l&rsquo;arrogance crasse d&rsquo;un syst\u00e8me qui n&rsquo;a pour seule r\u00e9ponse \u00e0 nos objections diverses que des accusations minables parce que syst\u00e9matiques de populisme, de conspirationnisme, regroupant dans un seul sac toutes les contradictions, quelles que soient leurs intentions ou leur s\u00e9rieux.<\/p>\n<p>Plus le temps passe, moins j&rsquo;arrive \u00e0 jouer le jeu d&rsquo;avant la connexion. Je deviens \u00e0 moiti\u00e9 fou. Je n&rsquo;arrive plus \u00e0 supporter l&rsquo;id\u00e9e que la connaissance et la culture puissent \u00eatre objet de commerce, que nous soyons politiquement repr\u00e9sent\u00e9s comme des enfants, que je n&rsquo;aie comme seul int\u00e9r\u00eat personnel que de <a href=\"http:\/\/jcfrog.com\/blog\/je-serais-tellement-plus-utile-au-chomage-emploi-hasbeen\/\">trouver un job nuisible au commun<\/a>. Je suis plus que jamais utopiste, intol\u00e9rant au \u00ab\u00a0r\u00e9alisme\u00a0\u00bb qui nous jette dans le mur.<\/p>\n<p>Je suis toujours aussi gentil. Toujours aussi pacifique et humaniste, mais plus radical que jamais.<\/p>\n<p>La faute \u00e0 Internet.<\/p>\n<p>&nbsp;<\/p>\n<p style=\"text-align: right;\"><span style=\"color: #c0c0c0;\"><a href=\"https:\/\/www.pinterest.com\/pin\/258605203575456873\/\"><span style=\"color: #c0c0c0;\">source<\/span><\/a>\u00a0image<\/span><\/p>\n","protected":false},"excerpt":{"rendered":"<p>Je suis un gentil gar\u00e7on, tr\u00e8s poli. Issu des classes moyennes, j&rsquo;ai v\u00e9cu dans le confort \u00e9conomique entour\u00e9 de parents aimants. De bonnes \u00e9tudes qui me firent ing\u00e9nieur et me promettaient une vie sans risque. Visc\u00e9ralement rebelle, je n&rsquo;ai jamais support\u00e9 l&rsquo;adh\u00e9sion au moindre groupe, mais je votais PS croyant que c&rsquo;\u00e9tait un parti de [&hellip;]<\/p>\n","protected":false},"author":2,"featured_media":0,"comment_status":"open","ping_status":"open","sticky":false,"template":"","format":"standard","meta":{"jetpack_post_was_ever_published":false,"_jetpack_newsletter_access":"","_jetpack_newsletter_tier_id":0,"footnotes":"","jetpack_publicize_message":"","jetpack_is_tweetstorm":false,"jetpack_publicize_feature_enabled":true,"jetpack_social_post_already_shared":true,"jetpack_social_options":{"image_generator_settings":{"template":"highway","enabled":false}}},"categories":[9,5],"tags":[335,304],"jetpack_publicize_connections":[],"jetpack_featured_media_url":"","jetpack_shortlink":"https:\/\/wp.me\/p2MSpd-zD","jetpack_sharing_enabled":true,"_links":{"self":[{"href":"http:\/\/jcfrog.com\/blog\/wp-json\/wp\/v2\/posts\/2209"}],"collection":[{"href":"http:\/\/jcfrog.com\/blog\/wp-json\/wp\/v2\/posts"}],"about":[{"href":"http:\/\/jcfrog.com\/blog\/wp-json\/wp\/v2\/types\/post"}],"author":[{"embeddable":true,"href":"http:\/\/jcfrog.com\/blog\/wp-json\/wp\/v2\/users\/2"}],"replies":[{"embeddable":true,"href":"http:\/\/jcfrog.com\/blog\/wp-json\/wp\/v2\/comments?post=2209"}],"version-history":[{"count":10,"href":"http:\/\/jcfrog.com\/blog\/wp-json\/wp\/v2\/posts\/2209\/revisions"}],"predecessor-version":[{"id":2220,"href":"http:\/\/jcfrog.com\/blog\/wp-json\/wp\/v2\/posts\/2209\/revisions\/2220"}],"wp:attachment":[{"href":"http:\/\/jcfrog.com\/blog\/wp-json\/wp\/v2\/media?parent=2209"}],"wp:term":[{"taxonomy":"category","embeddable":true,"href":"http:\/\/jcfrog.com\/blog\/wp-json\/wp\/v2\/categories?post=2209"},{"taxonomy":"post_tag","embeddable":true,"href":"http:\/\/jcfrog.com\/blog\/wp-json\/wp\/v2\/tags?post=2209"}],"curies":[{"name":"wp","href":"https:\/\/api.w.org\/{rel}","templated":true}]}}