{"id":2163,"date":"2015-03-28T19:24:53","date_gmt":"2015-03-28T17:24:53","guid":{"rendered":"http:\/\/jcfrog.com\/blog\/?p=2163"},"modified":"2015-03-28T19:24:53","modified_gmt":"2015-03-28T17:24:53","slug":"confcommune-loi-renseignement-partie-2-par-pierre-tartakowsky-ldh","status":"publish","type":"post","link":"http:\/\/jcfrog.com\/blog\/confcommune-loi-renseignement-partie-2-par-pierre-tartakowsky-ldh\/","title":{"rendered":"#ConfCommune \u00ab\u00a0Loi Renseignement\u00a0\u00bb, partie 2 par Pierre Tartakowsky &#8211; LDH"},"content":{"rendered":"<h1>Video<\/h1>\n<div class=\"jetpack-video-wrapper\"><span class=\"embed-youtube\" style=\"text-align:center; display: block;\"><iframe loading=\"lazy\" class=\"youtube-player\" width=\"900\" height=\"507\" src=\"https:\/\/www.youtube.com\/embed\/yGdg5Qc99wU?version=3&#038;rel=1&#038;showsearch=0&#038;showinfo=1&#038;iv_load_policy=1&#038;fs=1&#038;hl=fr-FR&#038;autohide=2&#038;wmode=transparent\" allowfullscreen=\"true\" style=\"border:0;\" sandbox=\"allow-scripts allow-same-origin allow-popups allow-presentation\"><\/iframe><\/span><\/div>\n<h1>Verbatim<\/h1>\n<p>LDH (Ligue des Droits de l&rsquo;Homme), Pierre Tartakowsky<br \/>\n<a href=\"http:\/\/www.ldh-france.org\/\">http:\/\/www.ldh-france.org\/<\/a><\/p>\n<h2>Des inqui\u00e9tudes profondes et fond\u00e9es<\/h2>\n<p>La m\u00e9thode: le gouvernement pr\u00e9tend \u00e0 la vertu, mais il ne tend qu&rsquo;une oreille hypocrite, on sent une volont\u00e9 de passer en force et sans d\u00e9bat.<\/p>\n<p>Vendu \u00e0 l&rsquo;opinion publique comme un projet de loi sur le terrorisme alors qu&rsquo;il s&rsquo;agit d&rsquo;un projet de loi sur le Renseignement. Cette confusion n&rsquo;est pas sans cons\u00e9quence.\u00a0Comme pour tout sujet potentiellement dangereux pour la libert\u00e9 des citoyens, nous n&rsquo;avons qu&rsquo;une question: celles des garanties, des contre pouvoirs. Hors l\u00e0 il n&rsquo;y en a pas.<\/p>\n<p>Le champ d&rsquo;application de cette loi est non seulement immense mais amalgamant: du terrorisme \u00e0 la d\u00e9fense nationale en passant par l&rsquo;encadrement de mouvements de masse. Ca fait beaucoup =&gt; organisation politiques, syndicales, le mouvement associatif.<\/p>\n<blockquote><p>C&rsquo;est un projet qui organise l&rsquo;impunit\u00e9 des agents de l&rsquo;Etat. C&rsquo;est un projet de l&rsquo;Etat, pour l&rsquo;Etat qui renvoie le juge judiciaire dans ses buts et qui privil\u00e9gie le r\u00e8glement administratif de fa\u00e7on absolument syst\u00e9matique<\/p><\/blockquote>\n<p>Alors on nous dit \u00ab\u00a0il y a des garanties\u00a0\u00bb. En fait une v\u00e9ritable usine \u00e0 gaz dont on ne voit pas comment elle pourrait fonctionner (recours Conseil d&rsquo;Etat)<\/p>\n<p>G\u00e9n\u00e9ralisation de l&rsquo;intrusion, et absence du contr\u00f4le de l&rsquo;intrusion.<\/p>\n<p>Ces techniques de p\u00eache au chalut et non pas de p\u00eache \u00e0 la mouche risquent de conduire \u00e0 des des d\u00e9bordements ubuesques.<\/p>\n<blockquote><p>C&rsquo;est un projet de loi qui s&rsquo;inscrit dans une logique purement s\u00e9curitaire et essentiellement liberticide. C&rsquo;est un projet de loi qui en son fond ne fait pas confiance \u00e0 la soci\u00e9t\u00e9 mais demande \u00e0 la soci\u00e9t\u00e9 de faire confiance \u00e0 l&rsquo;Etat. hors ce que nous avons appris, et nous avons eu le temps de l&rsquo;apprendre, c&rsquo;est que face \u00e0 l&rsquo;Etat il ne faut pas d la confiance, il faut des garanties.<\/p>\n<p>&nbsp;<\/p><\/blockquote>\n<h1>Commentaires<\/h1>\n<p>L&rsquo;aspect flou du champs d&rsquo;application me semble tr\u00e8s important \u00e9galement. Lorsqu&rsquo;on voit ce qui se passe en Espagne notamment, je crois qu&rsquo;on peut l\u00e9gitimement s&rsquo;inqui\u00e9ter pour la libert\u00e9 de protester, de manifester, tout ceci s&rsquo;inscrit dans une spirale s\u00e9curitaire qui nous touche tous tr\u00e8s concr\u00e8tement, ce n&rsquo;est pas une histoire de geeks et de terrorisme.<\/p>\n","protected":false},"excerpt":{"rendered":"<p>Video Verbatim LDH (Ligue des Droits de l&rsquo;Homme), Pierre Tartakowsky http:\/\/www.ldh-france.org\/ Des inqui\u00e9tudes profondes et fond\u00e9es La m\u00e9thode: le gouvernement pr\u00e9tend \u00e0 la vertu, mais il ne tend qu&rsquo;une oreille hypocrite, on sent une volont\u00e9 de passer en force et sans d\u00e9bat. Vendu \u00e0 l&rsquo;opinion publique comme un projet de loi sur le terrorisme alors [&hellip;]<\/p>\n","protected":false},"author":2,"featured_media":0,"comment_status":"open","ping_status":"open","sticky":false,"template":"","format":"standard","meta":{"jetpack_post_was_ever_published":false,"_jetpack_newsletter_access":"","_jetpack_newsletter_tier_id":0,"footnotes":"","jetpack_publicize_message":"","jetpack_is_tweetstorm":false,"jetpack_publicize_feature_enabled":true,"jetpack_social_post_already_shared":true,"jetpack_social_options":{"image_generator_settings":{"template":"highway","enabled":false}}},"categories":[9,5],"tags":[],"jetpack_publicize_connections":[],"jetpack_featured_media_url":"","jetpack_shortlink":"https:\/\/wp.me\/p2MSpd-yT","jetpack_sharing_enabled":true,"_links":{"self":[{"href":"http:\/\/jcfrog.com\/blog\/wp-json\/wp\/v2\/posts\/2163"}],"collection":[{"href":"http:\/\/jcfrog.com\/blog\/wp-json\/wp\/v2\/posts"}],"about":[{"href":"http:\/\/jcfrog.com\/blog\/wp-json\/wp\/v2\/types\/post"}],"author":[{"embeddable":true,"href":"http:\/\/jcfrog.com\/blog\/wp-json\/wp\/v2\/users\/2"}],"replies":[{"embeddable":true,"href":"http:\/\/jcfrog.com\/blog\/wp-json\/wp\/v2\/comments?post=2163"}],"version-history":[{"count":4,"href":"http:\/\/jcfrog.com\/blog\/wp-json\/wp\/v2\/posts\/2163\/revisions"}],"predecessor-version":[{"id":2174,"href":"http:\/\/jcfrog.com\/blog\/wp-json\/wp\/v2\/posts\/2163\/revisions\/2174"}],"wp:attachment":[{"href":"http:\/\/jcfrog.com\/blog\/wp-json\/wp\/v2\/media?parent=2163"}],"wp:term":[{"taxonomy":"category","embeddable":true,"href":"http:\/\/jcfrog.com\/blog\/wp-json\/wp\/v2\/categories?post=2163"},{"taxonomy":"post_tag","embeddable":true,"href":"http:\/\/jcfrog.com\/blog\/wp-json\/wp\/v2\/tags?post=2163"}],"curies":[{"name":"wp","href":"https:\/\/api.w.org\/{rel}","templated":true}]}}