{"id":2160,"date":"2015-03-28T19:23:49","date_gmt":"2015-03-28T17:23:49","guid":{"rendered":"http:\/\/jcfrog.com\/blog\/?p=2160"},"modified":"2015-03-28T19:23:49","modified_gmt":"2015-03-28T17:23:49","slug":"confcommune-loi-renseignement-partie-1-intro-par-adriennecharmet","status":"publish","type":"post","link":"http:\/\/jcfrog.com\/blog\/confcommune-loi-renseignement-partie-1-intro-par-adriennecharmet\/","title":{"rendered":"#ConfCommune \u00ab\u00a0Loi Renseignement\u00a0\u00bb, partie 1 (intro) par @AdrienneCharmet"},"content":{"rendered":"<style><!--\n.cc-preambule:{ font-size:small; font-family:courier; }\n--><\/style>\n<div class=\"cc-preambule\">Conf\u00e9rence commune \u00ab\u00a0Loi Renseignement\u00a0\u00bb du 26 Mars<br \/>\nLa conf\u00e9rence a \u00e9t\u00e9 film\u00e9e et dispo <a href=\"https:\/\/www.laquadrature.net\/fr\/petit-dejeuner-de-presse-loi-renseignement\">sur le site de la quadrature<\/a> avec quelques soucis de synchronisation.\u00a0Je me permets de republier quelques s\u00e9quences resynchronis\u00e9es.<br \/>\nY sont ajout\u00e9s un pseudo verbatim et quelques liens.<\/div>\n<div class=\"cc-preambule\"><\/div>\n<div class=\"cc-preambule\">Ceci est la premi\u00e8re partie. Vais voir jusqu&rsquo;o\u00f9 j&rsquo;aurai le courage d&rsquo;aller&#8230;<\/div>\n<div class=\"cc-preambule\"><\/div>\n<h1>Video<\/h1>\n<div class=\"jetpack-video-wrapper\"><span class=\"embed-youtube\" style=\"text-align:center; display: block;\"><iframe loading=\"lazy\" class=\"youtube-player\" width=\"900\" height=\"507\" src=\"https:\/\/www.youtube.com\/embed\/WZOPKkqYFlA?version=3&#038;rel=1&#038;showsearch=0&#038;showinfo=1&#038;iv_load_policy=1&#038;fs=1&#038;hl=fr-FR&#038;autohide=2&#038;wmode=transparent\" allowfullscreen=\"true\" style=\"border:0;\" sandbox=\"allow-scripts allow-same-origin allow-popups allow-presentation\"><\/iframe><\/span><\/div>\n<h1>Verbatim<\/h1>\n<p>intro Adrienne Charmet-Alix (La Quadrature du Net)<br \/>\n<a href=\"https:\/\/twitter.com\/AdrienneCharmet\">@AdrienneCharmet<br \/>\n<\/a><a href=\"https:\/\/www.laquadrature.net\/\">https:\/\/www.laquadrature.net\/<\/a><\/p>\n<h2>Qui nous sommes?<\/h2>\n<p>R\u00e9union \u00e0 l&rsquo;initiative de 3 organisations:<\/p>\n<ul>\n<li>Observatoire des Libert\u00e9s et du Num\u00e9rique (collectif sur les questions de surveillance)<\/li>\n<li>Amnesty International<\/li>\n<li>Reporters Sans Fronti\u00e8res<\/li>\n<\/ul>\n<p>Inqui\u00e9tudes communes autour de 3 questions:<\/p>\n<ul>\n<li>la mani\u00e8re dont le projet de loi est men\u00e9. Pr\u00e9cipitation, pas de temps de r\u00e9flexion, proc\u00e9dure d&rsquo;urgence, 15 jours entre la pr\u00e9sentation en conseil des ministres et l&rsquo;arriv\u00e9e \u00e0 l&rsquo;Assembl\u00e9e Nationale.<\/li>\n<li>l\u00e9galisation de pratiques ill\u00e9gales, pratiques nouvelles de surveillance de masses<\/li>\n<li>les pr\u00e9tendus recours semblent irr\u00e9alistes<\/li>\n<\/ul>\n<p>Passe la parole \u00e0\u00a0Pierre Tartakowsky pour la Ligue de Droits de l&rsquo;Homme.<\/p>\n<h1>Commentaires<\/h1>\n<p>Sauf erreur il n&rsquo;y a pas de site pour l&rsquo;OLN (Observatoire des Libert\u00e9s et du Num\u00e9rique). Il s&rsquo;agit d&rsquo;un collectif regroupant :<\/p>\n<ul>\n<li><a href=\"http:\/\/www.lecreis.org\/\">CREIS-Terminal<\/a><\/li>\n<li><a href=\"http:\/\/www.ldh-france.org\/\">La Ligue des Droits de l&rsquo;Homme<\/a><\/li>\n<li><a href=\"https:\/\/www.laquadrature.net\/\">La Quadrature du Net\u00a0<\/a><\/li>\n<li><a href=\"http:\/\/www.syndicat-magistrature.org\/\">Le Syndicat de la Magistrature<\/a><\/li>\n<li><a href=\"http:\/\/www.lesaf.org\/accueil.html\">Le Syndicat des avocats de France<\/a><\/li>\n<li><a href=\"http:\/\/www.lececil.org\/\">Le CECIL<\/a><\/li>\n<\/ul>\n","protected":false},"excerpt":{"rendered":"<p>Conf\u00e9rence commune \u00ab\u00a0Loi Renseignement\u00a0\u00bb du 26 Mars La conf\u00e9rence a \u00e9t\u00e9 film\u00e9e et dispo sur le site de la quadrature avec quelques soucis de synchronisation.\u00a0Je me permets de republier quelques s\u00e9quences resynchronis\u00e9es. Y sont ajout\u00e9s un pseudo verbatim et quelques liens. Ceci est la premi\u00e8re partie. Vais voir jusqu&rsquo;o\u00f9 j&rsquo;aurai le courage d&rsquo;aller&#8230; Video Verbatim [&hellip;]<\/p>\n","protected":false},"author":2,"featured_media":0,"comment_status":"open","ping_status":"open","sticky":false,"template":"","format":"standard","meta":{"jetpack_post_was_ever_published":false,"_jetpack_newsletter_access":"","_jetpack_newsletter_tier_id":0,"footnotes":"","jetpack_publicize_message":"","jetpack_is_tweetstorm":false,"jetpack_publicize_feature_enabled":true,"jetpack_social_post_already_shared":true,"jetpack_social_options":{"image_generator_settings":{"template":"highway","enabled":false}}},"categories":[9,5],"tags":[],"jetpack_publicize_connections":[],"jetpack_featured_media_url":"","jetpack_shortlink":"https:\/\/wp.me\/p2MSpd-yQ","jetpack_sharing_enabled":true,"_links":{"self":[{"href":"http:\/\/jcfrog.com\/blog\/wp-json\/wp\/v2\/posts\/2160"}],"collection":[{"href":"http:\/\/jcfrog.com\/blog\/wp-json\/wp\/v2\/posts"}],"about":[{"href":"http:\/\/jcfrog.com\/blog\/wp-json\/wp\/v2\/types\/post"}],"author":[{"embeddable":true,"href":"http:\/\/jcfrog.com\/blog\/wp-json\/wp\/v2\/users\/2"}],"replies":[{"embeddable":true,"href":"http:\/\/jcfrog.com\/blog\/wp-json\/wp\/v2\/comments?post=2160"}],"version-history":[{"count":4,"href":"http:\/\/jcfrog.com\/blog\/wp-json\/wp\/v2\/posts\/2160\/revisions"}],"predecessor-version":[{"id":2175,"href":"http:\/\/jcfrog.com\/blog\/wp-json\/wp\/v2\/posts\/2160\/revisions\/2175"}],"wp:attachment":[{"href":"http:\/\/jcfrog.com\/blog\/wp-json\/wp\/v2\/media?parent=2160"}],"wp:term":[{"taxonomy":"category","embeddable":true,"href":"http:\/\/jcfrog.com\/blog\/wp-json\/wp\/v2\/categories?post=2160"},{"taxonomy":"post_tag","embeddable":true,"href":"http:\/\/jcfrog.com\/blog\/wp-json\/wp\/v2\/tags?post=2160"}],"curies":[{"name":"wp","href":"https:\/\/api.w.org\/{rel}","templated":true}]}}