{"id":1804,"date":"2014-07-19T11:07:59","date_gmt":"2014-07-19T09:07:59","guid":{"rendered":"http:\/\/jcfrog.com\/blog\/?p=1804"},"modified":"2014-07-21T17:21:43","modified_gmt":"2014-07-21T15:21:43","slug":"aaron-swartz-un-combat-politique-central-copyright","status":"publish","type":"post","link":"http:\/\/jcfrog.com\/blog\/aaron-swartz-un-combat-politique-central-copyright\/","title":{"rendered":"Aaron Swartz, un combat politique central #copyright"},"content":{"rendered":"<p>Qui que tu sois, j&rsquo;aimerais tant que tu regardes ce film (sous titr\u00e9 en fran\u00e7ais \\o\/).<\/p>\n<p><a href=\"https:\/\/www.youtube.com\/watch?v=7ZBe1VFy0gc\" target=\"_blank\"><em>The Internet Own Boy<\/em><\/a> raconte la trop courte vie d&rsquo;un gar\u00e7on devenu une ic\u00f4ne pour beaucoup de gens qui vivent d\u00e9j\u00e0 le \u00ab\u00a0nouveau monde\u00a0\u00bb, celui o\u00f9 tout est remis en question par la r\u00e9volutionnaire connexion de tous les individus de la plan\u00e8te. Aaron Swartz \u00e9tait un \u00ab\u00a0petit g\u00e9nie de l&rsquo;informatique\u00a0\u00bb comme on dit dans les m\u00e9dia mainstream, mais c&rsquo;\u00e9tait surtout un jeune homme engag\u00e9 pour le changement, le vrai.<\/p>\n<p><a href=\"http:\/\/jcfrog.com\/blog\/wp-content\/uploads\/2014\/07\/aaron.jpg\"><img loading=\"lazy\" decoding=\"async\" class=\"alignnone size-full wp-image-1807\" alt=\"aaron\" src=\"http:\/\/jcfrog.com\/blog\/wp-content\/uploads\/2014\/07\/aaron.jpg\" width=\"790\" height=\"373\" srcset=\"http:\/\/jcfrog.com\/blog\/wp-content\/uploads\/2014\/07\/aaron.jpg 790w, http:\/\/jcfrog.com\/blog\/wp-content\/uploads\/2014\/07\/aaron-300x141.jpg 300w, http:\/\/jcfrog.com\/blog\/wp-content\/uploads\/2014\/07\/aaron-500x236.jpg 500w\" sizes=\"(max-width: 790px) 100vw, 790px\" \/><\/a><\/p>\n<p>Pour n&rsquo;avoir jamais utilis\u00e9 autre chose qu&rsquo;un clavier, pour avoir voulu partager, Aaron Swartz est menac\u00e9 de 35 ans de prison et 1 millions de dollars d&rsquo;amende. Il se suicide le 11 janvier 2013 \u00e0 l&rsquo;\u00e2ge de 26 ans.<\/p>\n<p><strong>Ce n&rsquo;est pas un film de geek<\/strong>, il n&rsquo;est pas question de technologie, <strong>on parle ici de politique<\/strong>, il s&rsquo;agit de la tr\u00e8s complexe restructuration d&rsquo;un monde plus que jamais aux mains de l&rsquo;argent roi, de poss\u00e9dants fous, \u00e9go\u00efstes, d\u00e9pass\u00e9s, qui ne veulent pas s&rsquo;adapter \u00e0 la toute nouvelle horizontalit\u00e9 qui s&rsquo;impose.<\/p>\n<p>Parmi ses impacts il y en a un qui cristallise toutes les tensions: la propri\u00e9t\u00e9 intellectuelle. Beaucoup pensent qu&rsquo;il faut pour le moins la r\u00e9former, Aaron Swartz en a fait son combat, certains pensent qu&rsquo;il en est mort.<\/p>\n<p>Ne crois pas pour autant qu&rsquo;il \u00e9tait le roi des pirates, ou des m\u00e9chants hackers, le combat d&rsquo;Aaron est au d\u00e9part, avec d&rsquo;autres, une question toute simple: l&rsquo;acc\u00e8s libre et l\u00e9gal de tout citoyen au tr\u00e9sor commun, le domaine public. Certains ne l&rsquo;entendent pas ainsi et veulent accaparer ce qui ne leur appartient pas.<\/p>\n<p>Les questions politiques soulev\u00e9es dans ce film me semblent tr\u00e8s importantes et rarement trait\u00e9es. A l&rsquo;heure des grands trait\u00e9s commerciaux transatlantiques, le <a href=\"https:\/\/storify.com\/Copyrightmad\" target=\"_blank\">copyright madness<\/a> n&rsquo;est pas un sujet p\u00e9riph\u00e9rique, il est central dans le combat qui se joue sur les r\u00e9seaux entre les puissants qui veulent privatiser Internet et les citoyens du monde qui entendent le g\u00e9rer d&rsquo;une fa\u00e7on un peu moins mercantile, voire, soyons fous, d\u00e9mocratique. Nos libert\u00e9s sont en danger. C&rsquo;est un des sujets du film.<\/p>\n<p>Si je peux avoir un blog aujourd&rsquo;hui, avoir la folle opportunit\u00e9 de publier librement, c&rsquo;est notamment parce qu&rsquo;un jour un homme,\u00a0<a href=\"http:\/\/fr.wikipedia.org\/wiki\/Tim_Berners-Lee\" target=\"_blank\">Tim Berners-Lee<\/a>, a invent\u00e9 le Web et n&rsquo;a pas d\u00e9pos\u00e9 de brevet, il l&rsquo;a offert \u00e0 l&rsquo;humanit\u00e9, ce qui a permis son d\u00e9veloppement foudroyant.<\/p>\n<p><a href=\"http:\/\/jcfrog.com\/blog\/wp-content\/uploads\/2014\/07\/Tim_Berners-Lee.jpg\"><img loading=\"lazy\" decoding=\"async\" class=\"alignnone size-full wp-image-1806\" alt=\"Tim Berners-Lee\" src=\"http:\/\/jcfrog.com\/blog\/wp-content\/uploads\/2014\/07\/Tim_Berners-Lee.jpg\" width=\"793\" height=\"290\" srcset=\"http:\/\/jcfrog.com\/blog\/wp-content\/uploads\/2014\/07\/Tim_Berners-Lee.jpg 793w, http:\/\/jcfrog.com\/blog\/wp-content\/uploads\/2014\/07\/Tim_Berners-Lee-300x109.jpg 300w, http:\/\/jcfrog.com\/blog\/wp-content\/uploads\/2014\/07\/Tim_Berners-Lee-500x182.jpg 500w\" sizes=\"(max-width: 793px) 100vw, 793px\" \/><\/a><\/p>\n<p>Un grand merci \u00e0 ceux qui ont mis ce film en acc\u00e8s libre, un grand merci \u00e0 Daniel Bourrion (<a href=\"https:\/\/twitter.com\/dbourrion\" target=\"_blank\">@dbourrion<\/a>) et ses camarades <a href=\"https:\/\/twitter.com\/symac\/\" target=\"_blank\" rel=\"user\" data-user-name=\"symac\">@symac<\/a> et <a href=\"https:\/\/twitter.com\/btreguier\/\" target=\"_blank\" rel=\"user\" data-user-name=\"btreguier\">@btreguier<\/a> qui ont traduit le film pour t&rsquo;offrir des sous titres en fran\u00e7ais.<\/p>\n<div class=\"jetpack-video-wrapper\"><span class=\"embed-youtube\" style=\"text-align:center; display: block;\"><iframe loading=\"lazy\" class=\"youtube-player\" width=\"900\" height=\"507\" src=\"https:\/\/www.youtube.com\/embed\/7ZBe1VFy0gc?version=3&#038;rel=1&#038;showsearch=0&#038;showinfo=1&#038;iv_load_policy=1&#038;fs=1&#038;hl=fr-FR&#038;autohide=2&#038;wmode=transparent\" allowfullscreen=\"true\" style=\"border:0;\" sandbox=\"allow-scripts allow-same-origin allow-popups allow-presentation\"><\/iframe><\/span><\/div>\n","protected":false},"excerpt":{"rendered":"<p>Qui que tu sois, j&rsquo;aimerais tant que tu regardes ce film (sous titr\u00e9 en fran\u00e7ais \\o\/). The Internet Own Boy raconte la trop courte vie d&rsquo;un gar\u00e7on devenu une ic\u00f4ne pour beaucoup de gens qui vivent d\u00e9j\u00e0 le \u00ab\u00a0nouveau monde\u00a0\u00bb, celui o\u00f9 tout est remis en question par la r\u00e9volutionnaire connexion de tous les individus [&hellip;]<\/p>\n","protected":false},"author":2,"featured_media":0,"comment_status":"open","ping_status":"open","sticky":false,"template":"","format":"standard","meta":{"jetpack_post_was_ever_published":false,"_jetpack_newsletter_access":"","_jetpack_newsletter_tier_id":0,"footnotes":"","jetpack_publicize_message":"","jetpack_is_tweetstorm":false,"jetpack_publicize_feature_enabled":true,"jetpack_social_post_already_shared":true,"jetpack_social_options":{"image_generator_settings":{"template":"highway","enabled":false}}},"categories":[9,5],"tags":[267,130],"jetpack_publicize_connections":[],"jetpack_featured_media_url":"","jetpack_shortlink":"https:\/\/wp.me\/p2MSpd-t6","jetpack_sharing_enabled":true,"_links":{"self":[{"href":"http:\/\/jcfrog.com\/blog\/wp-json\/wp\/v2\/posts\/1804"}],"collection":[{"href":"http:\/\/jcfrog.com\/blog\/wp-json\/wp\/v2\/posts"}],"about":[{"href":"http:\/\/jcfrog.com\/blog\/wp-json\/wp\/v2\/types\/post"}],"author":[{"embeddable":true,"href":"http:\/\/jcfrog.com\/blog\/wp-json\/wp\/v2\/users\/2"}],"replies":[{"embeddable":true,"href":"http:\/\/jcfrog.com\/blog\/wp-json\/wp\/v2\/comments?post=1804"}],"version-history":[{"count":9,"href":"http:\/\/jcfrog.com\/blog\/wp-json\/wp\/v2\/posts\/1804\/revisions"}],"predecessor-version":[{"id":1816,"href":"http:\/\/jcfrog.com\/blog\/wp-json\/wp\/v2\/posts\/1804\/revisions\/1816"}],"wp:attachment":[{"href":"http:\/\/jcfrog.com\/blog\/wp-json\/wp\/v2\/media?parent=1804"}],"wp:term":[{"taxonomy":"category","embeddable":true,"href":"http:\/\/jcfrog.com\/blog\/wp-json\/wp\/v2\/categories?post=1804"},{"taxonomy":"post_tag","embeddable":true,"href":"http:\/\/jcfrog.com\/blog\/wp-json\/wp\/v2\/tags?post=1804"}],"curies":[{"name":"wp","href":"https:\/\/api.w.org\/{rel}","templated":true}]}}